{"id":81,"date":"2007-03-09T16:23:35","date_gmt":"2007-03-09T20:23:35","guid":{"rendered":"https:\/\/eneideboneu.com\/?p=81"},"modified":"2019-05-27T16:31:39","modified_gmt":"2019-05-27T20:31:39","slug":"proyecto-afiche-gente-de-arte","status":"publish","type":"post","link":"https:\/\/eneideboneu.com\/index.php\/2007\/03\/09\/proyecto-afiche-gente-de-arte\/","title":{"rendered":"Proyecto  Afiche &#8211; Gente de Arte"},"content":{"rendered":"\n<p>Una propuesta art\u00edstica para pensar<br>\nIniciando el a\u00f1o 2007 la Asociaci\u00f3n para las Artes Visuales en el Paraguay<br>\n\u2013Gente de Arte- solicit\u00f3 a cada uno de sus artistas miembros im\u00e1genes<br>\nfotogr\u00e1ficas de obras personales. Es muy importante destacar que los<br>\ncriterios de selecci\u00f3n quedaron comprometidos a pautas que el artista<br>\nconsidere adecuadas para transparentar y facilitar un flujo importante de<br>\ninformaci\u00f3n al p\u00fablico local o externo que pudiera observarlas. Por donde<br>\nse mire, la intenci\u00f3n de hacer conocer parte del acervo art\u00edstico visual del<br>\nParaguay debe ser entendida desde dos puntos de vista, como acertada<br>\npol\u00edtica y estrategia de divulgaci\u00f3n y promoci\u00f3n y como inteligente<br>\nadecuaci\u00f3n de obras bidi y tridimensionales a un medio de reproducci\u00f3n<br>\ngr\u00e1fica de indudable impacto y atractivo visual: el afiche.<br>\nSi consideramos las dificultades que presupone para un artista paraguayo<br>\nexponer en cualquier lugar de Am\u00e9rica, Europa u otros lugares del mundo,<br>\nentenderemos a\u00fan con m\u00e1s claridad la trascendencia inicial del<br>\nemprendimiento. En t\u00e9rminos generosamente racionales y conciliadores, y<br>\nquiz\u00e1 con mediana conciencia, los artistas tendieron un puente que salva el<br>\nvac\u00edo funcional entre el colectivo de producci\u00f3n art\u00edstica y el estado. Con<br>\notras palabras &#8211; y porqu\u00e9 no como eco del reciente \u00e9xito y conquista del<br>\nProyecto de Cultura del a\u00f1o 2007- urge transparentar y viabilizar los<br>\nmecanismos y los t\u00e9rminos reales de la pol\u00edtica cultural, por medio de las<br>\ninstituciones correspondientes, de modo que pueda ser superado de una<br>\nvez por todas la angustia y la decepci\u00f3n que comporta y define, en medida<br>\nm\u00e1s que significativa, el horizonte de artistas y obras en tiempos de<br>\norfandad institucional.<br>\nPara el caso que nos ocupa, el afiche, am\u00e9n de su propiedad y autonom\u00eda<br>\nvisual y comunicativa de gran alcance, fue promovido a prop\u00f3sito como<br>\nmedio coyuntural que salve o suavice, en todo caso, las muchas<br>\nlimitaciones y trabas con que deben lidiar casi todos los artistas del<br>\nParaguay. Un medio que facilita la reproducci\u00f3n y renovaci\u00f3n inmediata,<br>\ntanto del soporte mismo como de sus contenidos tem\u00e1ticos, permite<br>\nconservarlos y transportarlos con suma facilidad de costos y seguridad.<br>\nEsculturas, instalaciones, objetos espec\u00edficos, pinturas de mediano y gran<br>\nformato, fotograf\u00edas y gr\u00e1fica\u2026viajar\u00edan a cualquier lugar del planeta a<br>\npesar de las dificultades y penurias referidas.<br>\nCuando el 24 de febrero \u2013la muestra permanecer\u00e1 hasta el 24 de este mes-<br>\nen la Fundaci\u00f3n Migliorisi \u2013 Centro de Artes Visuales, y con el nombre de<br>\nProyecto Afiche \/2007, fueron exhibidos los 120 afiches (ubicados sobre<br>\npaneles) muchos pudimos entrever el potencial est\u00e9tico-documental<\/p>\n\n\n\n<p>subyacente. Es que por un lado los entuertos t\u00e9cnicos propios del medio,<br>\nllevados a un sugestivo y ambiguo significado visual, pon\u00edan al l\u00edmite la<br>\ninformaci\u00f3n visual documental, mientras por el otro resquicio, y si<br>\nasociamos al consabido proyecto del museo fotogr\u00e1fico \u2013 el museo sin<br>\nparedes- de Andr\u00e9 Malraux, barruntamos la riqueza y posibilidades de<br>\nuna diferente idea museogr\u00e1fica en el dise\u00f1o y organizaci\u00f3n de la<br>\ninformaci\u00f3n en cuesti\u00f3n.<br>\nYa sobre la marcha, Proyecto Afiche\/2007, fue montado en la Embajada<br>\nParaguaya en Berl\u00edn, lugar en el adquiere identidad de muestra permanente.<br>\nAs\u00ed, Gente de Arte propone toda una manera de mostrar ac\u00e1 y en todos los<br>\npa\u00edses donde el Paraguay acredite diplom\u00e1ticamente, el acervo simb\u00f3lico<br>\nvisual local. El proyecto prev\u00e9 tomar espacios para muestras permanentes<br>\ntambi\u00e9n en instituciones culturales y educativas de todo el pa\u00eds.<br>\nCarlos Sosa, marzo de 2007<\/p>\n","protected":false},"excerpt":{"rendered":"<p>Una propuesta art\u00edstica para pensar Iniciando el a\u00f1o 2007 la Asociaci\u00f3n para las Artes Visuales en el Paraguay \u2013Gente de Arte- solicit\u00f3 a cada uno de sus artistas miembros im\u00e1genes fotogr\u00e1ficas de obras personales. Es muy importante destacar que los criterios de selecci\u00f3n quedaron comprometidos a pautas que el artista considere adecuadas para transparentar y&hellip; <span><a href=\"https:\/\/eneideboneu.com\/index.php\/2007\/03\/09\/proyecto-afiche-gente-de-arte\/\">( Read More )<\/a><\/span><\/p>\n","protected":false},"author":1,"featured_media":0,"comment_status":"closed","ping_status":"closed","sticky":false,"template":"","format":"standard","meta":[],"categories":[4],"tags":[],"_links":{"self":[{"href":"https:\/\/eneideboneu.com\/index.php\/wp-json\/wp\/v2\/posts\/81"}],"collection":[{"href":"https:\/\/eneideboneu.com\/index.php\/wp-json\/wp\/v2\/posts"}],"about":[{"href":"https:\/\/eneideboneu.com\/index.php\/wp-json\/wp\/v2\/types\/post"}],"author":[{"embeddable":true,"href":"https:\/\/eneideboneu.com\/index.php\/wp-json\/wp\/v2\/users\/1"}],"replies":[{"embeddable":true,"href":"https:\/\/eneideboneu.com\/index.php\/wp-json\/wp\/v2\/comments?post=81"}],"version-history":[{"count":1,"href":"https:\/\/eneideboneu.com\/index.php\/wp-json\/wp\/v2\/posts\/81\/revisions"}],"predecessor-version":[{"id":82,"href":"https:\/\/eneideboneu.com\/index.php\/wp-json\/wp\/v2\/posts\/81\/revisions\/82"}],"wp:attachment":[{"href":"https:\/\/eneideboneu.com\/index.php\/wp-json\/wp\/v2\/media?parent=81"}],"wp:term":[{"taxonomy":"category","embeddable":true,"href":"https:\/\/eneideboneu.com\/index.php\/wp-json\/wp\/v2\/categories?post=81"},{"taxonomy":"post_tag","embeddable":true,"href":"https:\/\/eneideboneu.com\/index.php\/wp-json\/wp\/v2\/tags?post=81"}],"curies":[{"name":"wp","href":"https:\/\/api.w.org\/{rel}","templated":true}]}}