{"id":71,"date":"2007-10-31T16:15:22","date_gmt":"2007-10-31T20:15:22","guid":{"rendered":"https:\/\/eneideboneu.com\/?p=71"},"modified":"2019-05-27T16:31:44","modified_gmt":"2019-05-27T20:31:44","slug":"cien-miradas-sobre-kassel","status":"publish","type":"post","link":"https:\/\/eneideboneu.com\/index.php\/2007\/10\/31\/cien-miradas-sobre-kassel\/","title":{"rendered":"Cien miradas sobre Kassel"},"content":{"rendered":"\n<p><br> Las cien im\u00e1genes fotogr\u00e1ficas que presenta Eneide Boneu tratan de mostrar<br> detalles significativos del ambiente y las obras de preponderancia en la<br> reciente edici\u00f3n 2007 de documenta XII, en Kassel, Alemania.\u00a0<br> La curadur\u00eda responsable de la organizaci\u00f3n se interrogaba a cerca de la<br> Modernidad como \u00faltimo horizonte que pueda explicar el rumbo, el impacto y<br> el significado del arte y de la sociedad de hoy; inquietud que apenas disimula<br> los problemas de identidad y legitimidad del presente hist\u00f3rico. En tanto, la<br> educaci\u00f3n vinculada a la vida \u2013las otras dos dimensiones sobre las que giraba<br> el acontecimiento- abren todo un mundo de expectativas sobre el destino de la<br> cultura y la naturaleza en la sociedad postindustrial: lo que nos pasa y lo que<br> somos\u00a0 en el presente desatinado en que vivimos fueron los contenidos<br> transparentes y comunes a las obras que proven\u00edan de lugares contrapuestos<br> del mundo.\u00a0<br> Eneide nos muestra sus propios registros fotogr\u00e1ficos, organizados en funci\u00f3n<br> a descubrimientos y coincidencias casuales en las im\u00e1genes. Asocia \u00e1ngulos,<br> espacios, personajes y acontecimientos para reconstruir, desde la<br> espontaneidad y el detalle de la toma, su propia impresi\u00f3n, \u00e9sa que qued\u00f3<br> grabada con intensidad emotiva en su retina y en su memoria. Por ello, la<br> composici\u00f3n de cada panel evoluciona en torno a una operaci\u00f3n m\u00ednima que<br> le permite disponer cada una de las fotograf\u00edas en virtud de los contenidos<br> descriptivos de la imagen. Ac\u00e1 une horizontes, y all\u00e1 personajes y<br> acontecimientos que hab\u00edan quedado dispersos en el proceso primero del acto<br> fotogr\u00e1fico. \u00a0<br> En su conjunto, el collage que resulta del gesto de la artista evoca, si no<br> simboliza, por un lado, la fragmentaci\u00f3n irreversible de la realidad de nuestros<br> d\u00edas y, por el otro, alude, casi con iron\u00eda, a los procedimientos tecnol\u00f3gicos de<br> manipulaci\u00f3n de la imagen contempor\u00e1nea, eso que en la jerga fotogr\u00e1fica<br> laboratorial se conoce como stitch o cosido, zurcido, hilvanado de las<br> im\u00e1genes. Procedimientos que encuentran su significado final en el silencio<br> c\u00f3mplice del minimalismo conceptual con que se plantea la muestra.\u00a0<br> \u00a0\u00a0\u00a0\u00a0\u00a0\u00a0\u00a0\u00a0\u00a0\u00a0\u00a0\u00a0\u00a0\u00a0\u00a0\u00a0\u00a0\u00a0\u00a0\u00a0\u00a0\u00a0\u00a0\u00a0\u00a0\u00a0\u00a0\u00a0\u00a0\u00a0\u00a0\u00a0\u00a0\u00a0\u00a0\u00a0\u00a0\u00a0\u00a0\u00a0\u00a0\u00a0\u00a0\u00a0\u00a0\u00a0\u00a0\u00a0\u00a0\u00a0\u00a0\u00a0\u00a0\u00a0\u00a0\u00a0\u00a0\u00a0\u00a0\u00a0\u00a0\u00a0\u00a0\u00a0\u00a0\u00a0\u00a0\u00a0\u00a0\u00a0\u00a0\u00a0\u00a0\u00a0\u00a0\u00a0\u00a0\u00a0\u00a0\u00a0\u00a0\u00a0\u00a0\u00a0\u00a0\u00a0\u00a0\u00a0\u00a0\u00a0\u00a0\u00a0\u00a0\u00a0\u00a0\u00a0\u00a0\u00a0\u00a0\u00a0\u00a0\u00a0\u00a0\u00a0\u00a0\u00a0\u00a0\u00a0\u00a0\u00a0\u00a0\u00a0\u00a0\u00a0\u00a0 \u00a0<br> \u00a0\u00a0\u00a0\u00a0\u00a0\u00a0\u00a0\u00a0\u00a0\u00a0\u00a0\u00a0\u00a0\u00a0\u00a0\u00a0\u00a0\u00a0\u00a0\u00a0\u00a0\u00a0\u00a0\u00a0\u00a0\u00a0\u00a0\u00a0\u00a0\u00a0\u00a0\u00a0\u00a0\u00a0\u00a0\u00a0\u00a0\u00a0\u00a0\u00a0\u00a0\u00a0\u00a0\u00a0\u00a0\u00a0\u00a0\u00a0\u00a0 \u00a0\u00a0\u00a0\u00a0\u00a0\u00a0\u00a0\u00a0\u00a0\u00a0\u00a0\u00a0\u00a0\u00a0\u00a0\u00a0\u00a0\u00a0\u00a0\u00a0\u00a0\u00a0\u00a0\u00a0\u00a0\u00a0\u00a0\u00a0\u00a0\u00a0\u00a0\u00a0\u00a0\u00a0\u00a0\u00a0\u00a0\u00a0\u00a0\u00a0\u00a0\u00a0\u00a0\u00a0\u00a0\u00a0 Carlos Sosa<br> \u00a0\u00a0\u00a0\u00a0\u00a0\u00a0\u00a0\u00a0\u00a0\u00a0\u00a0\u00a0\u00a0\u00a0\u00a0\u00a0\u00a0\u00a0\u00a0\u00a0\u00a0\u00a0\u00a0\u00a0\u00a0\u00a0\u00a0\u00a0\u00a0\u00a0\u00a0\u00a0\u00a0\u00a0\u00a0\u00a0\u00a0\u00a0\u00a0\u00a0\u00a0\u00a0\u00a0\u00a0\u00a0\u00a0\u00a0\u00a0\u00a0\u00a0\u00a0\u00a0\u00a0\u00a0\u00a0\u00a0\u00a0\u00a0\u00a0\u00a0\u00a0\u00a0\u00a0\u00a0\u00a0\u00a0\u00a0\u00a0\u00a0\u00a0\u00a0\u00a0\u00a0\u00a0\u00a0\u00a0\u00a0\u00a0\u00a0\u00a0\u00a0\u00a0\u00a0\u00a0\u00a0\u00a0\u00a0 As., octubre de 2007<\/p>\n","protected":false},"excerpt":{"rendered":"<p>Las cien im\u00e1genes fotogr\u00e1ficas que presenta Eneide Boneu tratan de mostrar detalles significativos del ambiente y las obras de preponderancia en la reciente edici\u00f3n 2007 de documenta XII, en Kassel, Alemania.\u00a0 La curadur\u00eda responsable de la organizaci\u00f3n se interrogaba a cerca de la Modernidad como \u00faltimo horizonte que pueda explicar el rumbo, el impacto y&hellip; <span><a href=\"https:\/\/eneideboneu.com\/index.php\/2007\/10\/31\/cien-miradas-sobre-kassel\/\">( Read More )<\/a><\/span><\/p>\n","protected":false},"author":1,"featured_media":0,"comment_status":"closed","ping_status":"closed","sticky":false,"template":"","format":"standard","meta":[],"categories":[4],"tags":[],"_links":{"self":[{"href":"https:\/\/eneideboneu.com\/index.php\/wp-json\/wp\/v2\/posts\/71"}],"collection":[{"href":"https:\/\/eneideboneu.com\/index.php\/wp-json\/wp\/v2\/posts"}],"about":[{"href":"https:\/\/eneideboneu.com\/index.php\/wp-json\/wp\/v2\/types\/post"}],"author":[{"embeddable":true,"href":"https:\/\/eneideboneu.com\/index.php\/wp-json\/wp\/v2\/users\/1"}],"replies":[{"embeddable":true,"href":"https:\/\/eneideboneu.com\/index.php\/wp-json\/wp\/v2\/comments?post=71"}],"version-history":[{"count":1,"href":"https:\/\/eneideboneu.com\/index.php\/wp-json\/wp\/v2\/posts\/71\/revisions"}],"predecessor-version":[{"id":72,"href":"https:\/\/eneideboneu.com\/index.php\/wp-json\/wp\/v2\/posts\/71\/revisions\/72"}],"wp:attachment":[{"href":"https:\/\/eneideboneu.com\/index.php\/wp-json\/wp\/v2\/media?parent=71"}],"wp:term":[{"taxonomy":"category","embeddable":true,"href":"https:\/\/eneideboneu.com\/index.php\/wp-json\/wp\/v2\/categories?post=71"},{"taxonomy":"post_tag","embeddable":true,"href":"https:\/\/eneideboneu.com\/index.php\/wp-json\/wp\/v2\/tags?post=71"}],"curies":[{"name":"wp","href":"https:\/\/api.w.org\/{rel}","templated":true}]}}